{"id":1165,"date":"2016-04-08T09:12:52","date_gmt":"2016-04-08T09:12:52","guid":{"rendered":"http:\/\/www.bambinideldanubio.org\/blog\/?p=1165"},"modified":"2024-10-11T10:23:40","modified_gmt":"2024-10-11T10:23:40","slug":"patrisia-s-data-nascita-ottobre-2008","status":"publish","type":"post","link":"https:\/\/www.bambinideldanubio.org\/blog\/?p=1165","title":{"rendered":"Patrisia, nata  2008 &#8211; follow up"},"content":{"rendered":"\n<figure class=\"wp-block-image size-full is-resized\"><img loading=\"lazy\" decoding=\"async\" width=\"420\" height=\"272\" src=\"https:\/\/www.bambinideldanubio.org\/blog\/wp-content\/uploads\/2016\/04\/albania.png\" alt=\"\" class=\"wp-image-2572\" style=\"width:136px;height:auto\"\/><\/figure>\n\n\n<p><span style=\"text-decoration: underline;\">2014 <\/span>&#8211; Patrisia S., 6 anni, albanese, con diagnosi di <strong>leucemia linfoblastica acuta<\/strong> a febbraio 2014, \u00e8 stata inizialmente trattata in patria. Da maggio 2014 \u00e8 in Italia ed \u00e8 trattata presso l\u2019oncoematologia dell\u2019Ospedale Infantile Burlo Garofolo. Sta eseguendo la fase di consolidamento e la risposta \u00e8 buona (remissione di malattia). <!--more--><\/p>\n<p><span style=\"text-decoration: underline;\">2015<\/span><\/p>\n<p>Durante l\u2019ultimo follow up di luglio 2015 gli esami relativi alla malattia erano fortunatamente negativi, per\u00f2 alla piccola Patrisia \u00e8 stata diagnosticata la varicella e ha dovuto trattenersi in Italia per un periodo pi\u00f9 lungo del previsto. Fortunatamente tutto \u00e8 andato per il meglio Patrisia rientra a casa il 6 agosto, ritorner\u00e0 in Italia per un ulteriore follow up assieme ad un&#8217;altra nostra assistita Jola. \u00a0<\/p>\n<p><span style=\"text-decoration: underline;\">2016<\/span><\/p>\n<p>A febbraio 2016 \u00e8 rientrata in Italia per eseguire i controlli che hanno dato esito negativo. E&#8217; rientrata a casa con una buona notizia, non dovr\u00e0 ritornare in Italia per ulteriori controlli.<\/p>","protected":false},"excerpt":{"rendered":"<p><img loading=\"lazy\" decoding=\"async\" width=\"420\" height=\"272\" src=\"https:\/\/www.bambinideldanubio.org\/blog\/wp-content\/uploads\/2016\/04\/albania.png\" alt=\"\" class=\"wp-image-2572\" \/ style=\"max-width: 100%; height: auto;\"> <\/p>\n<p>2014 &#8211; Patrisia S., 6 anni, albanese, con diagnosi di <strong>leucemia linfoblastica acuta<\/strong> a febbraio 2014, \u00e8 stata inizialmente trattata in patria. Da maggio 2014 \u00e8 in Italia ed \u00e8 trattata presso l\u2019oncoematologia dell\u2019Ospedale Infantile Burlo Garofolo.<\/p>\n","protected":false},"author":1,"featured_media":0,"comment_status":"closed","ping_status":"open","sticky":false,"template":"","format":"standard","meta":{"footnotes":""},"categories":[5],"tags":[43,11],"class_list":["post-1165","post","type-post","status-publish","format-standard","hentry","category-cure-mediche","tag-43","tag-cure-mediche-2"],"_links":{"self":[{"href":"https:\/\/www.bambinideldanubio.org\/blog\/index.php?rest_route=\/wp\/v2\/posts\/1165"}],"collection":[{"href":"https:\/\/www.bambinideldanubio.org\/blog\/index.php?rest_route=\/wp\/v2\/posts"}],"about":[{"href":"https:\/\/www.bambinideldanubio.org\/blog\/index.php?rest_route=\/wp\/v2\/types\/post"}],"author":[{"embeddable":true,"href":"https:\/\/www.bambinideldanubio.org\/blog\/index.php?rest_route=\/wp\/v2\/users\/1"}],"replies":[{"embeddable":true,"href":"https:\/\/www.bambinideldanubio.org\/blog\/index.php?rest_route=%2Fwp%2Fv2%2Fcomments&post=1165"}],"version-history":[{"count":5,"href":"https:\/\/www.bambinideldanubio.org\/blog\/index.php?rest_route=\/wp\/v2\/posts\/1165\/revisions"}],"predecessor-version":[{"id":2575,"href":"https:\/\/www.bambinideldanubio.org\/blog\/index.php?rest_route=\/wp\/v2\/posts\/1165\/revisions\/2575"}],"wp:attachment":[{"href":"https:\/\/www.bambinideldanubio.org\/blog\/index.php?rest_route=%2Fwp%2Fv2%2Fmedia&parent=1165"}],"wp:term":[{"taxonomy":"category","embeddable":true,"href":"https:\/\/www.bambinideldanubio.org\/blog\/index.php?rest_route=%2Fwp%2Fv2%2Fcategories&post=1165"},{"taxonomy":"post_tag","embeddable":true,"href":"https:\/\/www.bambinideldanubio.org\/blog\/index.php?rest_route=%2Fwp%2Fv2%2Ftags&post=1165"}],"curies":[{"name":"wp","href":"https:\/\/api.w.org\/{rel}","templated":true}]}}