{"id":1479,"date":"2020-04-23T15:05:25","date_gmt":"2020-04-23T15:05:25","guid":{"rendered":"http:\/\/www.bambinideldanubio.org\/blog\/?p=1479"},"modified":"2024-07-01T10:15:19","modified_gmt":"2024-07-01T10:15:19","slug":"inesia-b-nata-settembre-2013-2","status":"publish","type":"post","link":"https:\/\/www.bambinideldanubio.org\/blog\/?p=1479","title":{"rendered":"Inesia, nata 2013 &#8211; follow up"},"content":{"rendered":"\n<figure class=\"wp-block-image size-large is-resized\"><img loading=\"lazy\" decoding=\"async\" src=\"https:\/\/www.bambinideldanubio.org\/blog\/wp-content\/uploads\/2024\/07\/albania.png\" alt=\"\" class=\"wp-image-2049\" width=\"136\" height=\"88\"\/><\/figure>\n\n\n<p>La piccola Inesia<strong>\u00a0<\/strong>di 5 anni, originaria dell&#8217;Albania e affetta da <strong>atassia cerebrale<\/strong> , \u00e8 tornata a Trieste nell&#8217;autunno 2019\u00a0 dopo un\u2019estate non molto facile trascorsa a casa a causa della sua instabile salute; i medici a Trieste sono riusciti a stabilizzarla, ma gi\u00e0 dopo un breve periodo\u00a0 \u00e8 stata trasferita nel reparto di terapia intensiva dell&#8217;ospedale pediatrico Burlo Garofolo, dove \u00e8 rimasta a lungo. Dopo diverse ricadute il suo stato di salute della bambina \u00e8 peggiorato talmente che abbiamo fatto venire anche il pap\u00e0. Purtroppo a dicembre la piccola Inesia, la piccola principessa che adorava tanto il colore rosa, \u00a0ci ha lasciato per sempre.<\/p>","protected":false},"excerpt":{"rendered":"<p><img loading=\"lazy\" decoding=\"async\" src=\"https:\/\/www.bambinideldanubio.org\/blog\/wp-content\/uploads\/2024\/07\/albania.png\" alt=\"\" class=\"wp-image-2049\" width=\"136\" height=\"88\"\/ style=\"max-width: 100%; height: auto;\"> <\/p>\n<p>La piccola Inesia<strong>\u00a0<\/strong>di 5 anni, originaria dell&#8217;Albania e affetta da <strong>atassia cerebrale<\/strong> , \u00e8 tornata a Trieste nell&#8217;autunno 2019\u00a0 dopo un\u2019estate non molto facile trascorsa a casa a causa della sua instabile salute; i medici a Trieste sono<\/p>\n","protected":false},"author":1,"featured_media":0,"comment_status":"closed","ping_status":"open","sticky":false,"template":"","format":"standard","meta":{"footnotes":""},"categories":[5],"tags":[46,11],"class_list":["post-1479","post","type-post","status-publish","format-standard","hentry","category-cure-mediche","tag-46","tag-cure-mediche-2"],"_links":{"self":[{"href":"https:\/\/www.bambinideldanubio.org\/blog\/index.php?rest_route=\/wp\/v2\/posts\/1479"}],"collection":[{"href":"https:\/\/www.bambinideldanubio.org\/blog\/index.php?rest_route=\/wp\/v2\/posts"}],"about":[{"href":"https:\/\/www.bambinideldanubio.org\/blog\/index.php?rest_route=\/wp\/v2\/types\/post"}],"author":[{"embeddable":true,"href":"https:\/\/www.bambinideldanubio.org\/blog\/index.php?rest_route=\/wp\/v2\/users\/1"}],"replies":[{"embeddable":true,"href":"https:\/\/www.bambinideldanubio.org\/blog\/index.php?rest_route=%2Fwp%2Fv2%2Fcomments&post=1479"}],"version-history":[{"count":2,"href":"https:\/\/www.bambinideldanubio.org\/blog\/index.php?rest_route=\/wp\/v2\/posts\/1479\/revisions"}],"predecessor-version":[{"id":2051,"href":"https:\/\/www.bambinideldanubio.org\/blog\/index.php?rest_route=\/wp\/v2\/posts\/1479\/revisions\/2051"}],"wp:attachment":[{"href":"https:\/\/www.bambinideldanubio.org\/blog\/index.php?rest_route=%2Fwp%2Fv2%2Fmedia&parent=1479"}],"wp:term":[{"taxonomy":"category","embeddable":true,"href":"https:\/\/www.bambinideldanubio.org\/blog\/index.php?rest_route=%2Fwp%2Fv2%2Fcategories&post=1479"},{"taxonomy":"post_tag","embeddable":true,"href":"https:\/\/www.bambinideldanubio.org\/blog\/index.php?rest_route=%2Fwp%2Fv2%2Ftags&post=1479"}],"curies":[{"name":"wp","href":"https:\/\/api.w.org\/{rel}","templated":true}]}}