{"id":1510,"date":"2020-12-18T14:46:59","date_gmt":"2020-12-18T14:46:59","guid":{"rendered":"http:\/\/www.bambinideldanubio.org\/blog\/?p=1510"},"modified":"2024-06-18T08:52:07","modified_gmt":"2024-06-18T08:52:07","slug":"aira-settembre-2015","status":"publish","type":"post","link":"https:\/\/www.bambinideldanubio.org\/blog\/?p=1510","title":{"rendered":"Aira, nata 2015"},"content":{"rendered":"\n<figure class=\"wp-block-image size-large is-resized\"><img loading=\"lazy\" decoding=\"async\" src=\"https:\/\/www.bambinideldanubio.org\/blog\/wp-content\/uploads\/2024\/06\/albania-19.png\" alt=\"\" class=\"wp-image-1966\" width=\"135\" height=\"87\"\/><\/figure>\n\n\n<hr \/>\n<p>Aira, che compir\u00e0 5 anni a settembre 2020, viene dall&#8217;Albania, \u00e8 affetta dal <strong>sindrome di Down<\/strong>, e come molti bambini con questa sindrome ha un problema al cuore; nel Settembre 2019 le \u00e8 stata diagnosticata leucemia acuta, che poteva essere curata con pi\u00f9 cicli di chemioterapia e trapianto di midollo osseo da donatore compatibile (il padre). La piccola Aira \u00e8 con noi da allora, ha subito il trapianto e vive con sua madre Ornela in un appartamento messo a disposizione dall&#8217;ospedale Burlo Garofolo. A causa della pandemia, Aira e la mamma non possono tornare a casa, ricevono due volte al mese la spesa necessaria, le medicine e continuano a fare le visite di controllo all\u2019ospedale ogni settimana.<\/p>","protected":false},"excerpt":{"rendered":"<p><img loading=\"lazy\" decoding=\"async\" src=\"https:\/\/www.bambinideldanubio.org\/blog\/wp-content\/uploads\/2024\/06\/albania-19.png\" alt=\"\" class=\"wp-image-1966\" width=\"135\" height=\"87\"\/ style=\"max-width: 100%; height: auto;\"> <\/p>\n<p>Aira, che compir\u00e0 5 anni a settembre 2020, viene dall&#8217;Albania, \u00e8 affetta dal <strong>sindrome di Down<\/strong>, e come molti bambini con questa sindrome ha un problema al cuore; nel Settembre 2019 le \u00e8 stata diagnosticata leucemia acuta, che<\/p>\n","protected":false},"author":1,"featured_media":0,"comment_status":"closed","ping_status":"open","sticky":false,"template":"","format":"standard","meta":{"footnotes":""},"categories":[5],"tags":[48,11],"class_list":["post-1510","post","type-post","status-publish","format-standard","hentry","category-cure-mediche","tag-48","tag-cure-mediche-2"],"_links":{"self":[{"href":"https:\/\/www.bambinideldanubio.org\/blog\/index.php?rest_route=\/wp\/v2\/posts\/1510"}],"collection":[{"href":"https:\/\/www.bambinideldanubio.org\/blog\/index.php?rest_route=\/wp\/v2\/posts"}],"about":[{"href":"https:\/\/www.bambinideldanubio.org\/blog\/index.php?rest_route=\/wp\/v2\/types\/post"}],"author":[{"embeddable":true,"href":"https:\/\/www.bambinideldanubio.org\/blog\/index.php?rest_route=\/wp\/v2\/users\/1"}],"replies":[{"embeddable":true,"href":"https:\/\/www.bambinideldanubio.org\/blog\/index.php?rest_route=%2Fwp%2Fv2%2Fcomments&post=1510"}],"version-history":[{"count":2,"href":"https:\/\/www.bambinideldanubio.org\/blog\/index.php?rest_route=\/wp\/v2\/posts\/1510\/revisions"}],"predecessor-version":[{"id":1968,"href":"https:\/\/www.bambinideldanubio.org\/blog\/index.php?rest_route=\/wp\/v2\/posts\/1510\/revisions\/1968"}],"wp:attachment":[{"href":"https:\/\/www.bambinideldanubio.org\/blog\/index.php?rest_route=%2Fwp%2Fv2%2Fmedia&parent=1510"}],"wp:term":[{"taxonomy":"category","embeddable":true,"href":"https:\/\/www.bambinideldanubio.org\/blog\/index.php?rest_route=%2Fwp%2Fv2%2Fcategories&post=1510"},{"taxonomy":"post_tag","embeddable":true,"href":"https:\/\/www.bambinideldanubio.org\/blog\/index.php?rest_route=%2Fwp%2Fv2%2Ftags&post=1510"}],"curies":[{"name":"wp","href":"https:\/\/api.w.org\/{rel}","templated":true}]}}