{"id":2706,"date":"2025-01-08T09:05:34","date_gmt":"2025-01-08T09:05:34","guid":{"rendered":"https:\/\/www.bambinideldanubio.org\/blog\/?p=2706"},"modified":"2025-01-08T16:51:18","modified_gmt":"2025-01-08T16:51:18","slug":"dede-nata-2002-follow-up","status":"publish","type":"post","link":"https:\/\/www.bambinideldanubio.org\/blog\/?p=2706","title":{"rendered":"Dede, nata 2002 &#8211; follow up"},"content":{"rendered":"\n<figure class=\"wp-block-image size-full is-resized\"><img loading=\"lazy\" decoding=\"async\" width=\"268\" height=\"178\" src=\"https:\/\/www.bambinideldanubio.org\/blog\/wp-content\/uploads\/2025\/01\/togo-1.jpg\" alt=\"\" class=\"wp-image-2717\" style=\"width:134px;height:auto\"\/><\/figure>\n\n\n\n<p><br>Una nostra paziente storica, Dede del Togo che a gennaio del 2025 compir\u00e0 23 anni. La ragazza da bambina \u00e8 venuta da noi \u00e8 venuto da noi quando aveva otto anni. E\u2019 stato un <strong>tumore alla testa<\/strong>, tolto chirurgicamente, che ha scatenato una lesione permanente all\u2019occhio. Quindi la capacit\u00e0 visiva \u00e8 assente in uno e nell\u2019altro occhio vede poco. Per questa limitazione Dede alla fin fine \u00e8 rimasta in Italia, attualmente frequenta da tre anni l\u2019istituto Regionale Rittmeyer per i ciechi a Trieste. dove sta terminando la sua formazione e stiamo cerchiamo di inserirla nel mondo del lavoro.<\/p>\n","protected":false},"excerpt":{"rendered":"<p><img loading=\"lazy\" decoding=\"async\" width=\"268\" height=\"178\" src=\"https:\/\/www.bambinideldanubio.org\/blog\/wp-content\/uploads\/2025\/01\/togo-1.jpg\" alt=\"\" class=\"wp-image-2717\" \/ style=\"max-width: 100%; height: auto;\"> <\/p>\n<p>Una nostra paziente storica, Dede del Togo che a gennaio del 2025 compir\u00e0 23 anni. La ragazza da bambina \u00e8 venuta da noi \u00e8 venuto da noi quando aveva otto anni. E\u2019 stato un <strong>tumore alla testa<\/strong>,<\/p>\n","protected":false},"author":1,"featured_media":0,"comment_status":"closed","ping_status":"open","sticky":false,"template":"","format":"standard","meta":{"footnotes":""},"categories":[5],"tags":[55,11],"class_list":["post-2706","post","type-post","status-publish","format-standard","hentry","category-cure-mediche","tag-55","tag-cure-mediche-2"],"_links":{"self":[{"href":"https:\/\/www.bambinideldanubio.org\/blog\/index.php?rest_route=\/wp\/v2\/posts\/2706"}],"collection":[{"href":"https:\/\/www.bambinideldanubio.org\/blog\/index.php?rest_route=\/wp\/v2\/posts"}],"about":[{"href":"https:\/\/www.bambinideldanubio.org\/blog\/index.php?rest_route=\/wp\/v2\/types\/post"}],"author":[{"embeddable":true,"href":"https:\/\/www.bambinideldanubio.org\/blog\/index.php?rest_route=\/wp\/v2\/users\/1"}],"replies":[{"embeddable":true,"href":"https:\/\/www.bambinideldanubio.org\/blog\/index.php?rest_route=%2Fwp%2Fv2%2Fcomments&post=2706"}],"version-history":[{"count":3,"href":"https:\/\/www.bambinideldanubio.org\/blog\/index.php?rest_route=\/wp\/v2\/posts\/2706\/revisions"}],"predecessor-version":[{"id":2718,"href":"https:\/\/www.bambinideldanubio.org\/blog\/index.php?rest_route=\/wp\/v2\/posts\/2706\/revisions\/2718"}],"wp:attachment":[{"href":"https:\/\/www.bambinideldanubio.org\/blog\/index.php?rest_route=%2Fwp%2Fv2%2Fmedia&parent=2706"}],"wp:term":[{"taxonomy":"category","embeddable":true,"href":"https:\/\/www.bambinideldanubio.org\/blog\/index.php?rest_route=%2Fwp%2Fv2%2Fcategories&post=2706"},{"taxonomy":"post_tag","embeddable":true,"href":"https:\/\/www.bambinideldanubio.org\/blog\/index.php?rest_route=%2Fwp%2Fv2%2Ftags&post=2706"}],"curies":[{"name":"wp","href":"https:\/\/api.w.org\/{rel}","templated":true}]}}