{"id":2752,"date":"2025-02-14T09:07:38","date_gmt":"2025-02-14T09:07:38","guid":{"rendered":"https:\/\/www.bambinideldanubio.org\/blog\/?p=2752"},"modified":"2025-02-14T09:08:48","modified_gmt":"2025-02-14T09:08:48","slug":"homar-nato-2018","status":"publish","type":"post","link":"https:\/\/www.bambinideldanubio.org\/blog\/?p=2752","title":{"rendered":"Homar, nato 2018"},"content":{"rendered":"\n<figure class=\"wp-block-image size-full\"><img loading=\"lazy\" decoding=\"async\" width=\"267\" height=\"177\" src=\"https:\/\/www.bambinideldanubio.org\/blog\/wp-content\/uploads\/2025\/02\/iraq.jpg\" alt=\"\" class=\"wp-image-2753\"\/><\/figure>\n\n\n\n<figure class=\"wp-block-image size-full is-resized\"><img loading=\"lazy\" decoding=\"async\" width=\"283\" height=\"186\" src=\"https:\/\/www.bambinideldanubio.org\/blog\/wp-content\/uploads\/2025\/02\/KUDISTAN.jpg\" alt=\"\" class=\"wp-image-2754\" style=\"width:267px;height:auto\"\/><\/figure>\n\n\n\n<p>In novembre del 2024 \u00e8 arrivato Homar, curdo iracheno, assieme a sua mamma. Il bambino \u00e8 affetto da <strong>anemia Fanconi <\/strong>e necessita un trapianto di midollo. Con loro vive anche la sorella Chiman, donatrice sana assieme ad un fratello maggiorenne che fa da accompagnatore alla ragazzina. Il bambino si sta preparando per l\u2019operazione e a met\u00e0 di gennaio verr\u00e0 ricoverato per fare la bonifica dei denti, necessaria prima di poter affrontare il trapianto che \u00e8 previsto per febbraio del 2025.<\/p>\n","protected":false},"excerpt":{"rendered":"<p><img loading=\"lazy\" decoding=\"async\" width=\"267\" height=\"177\" src=\"https:\/\/www.bambinideldanubio.org\/blog\/wp-content\/uploads\/2025\/02\/iraq.jpg\" alt=\"\" class=\"wp-image-2753\"\/ style=\"max-width: 100%; height: auto;\"> <img loading=\"lazy\" decoding=\"async\" width=\"283\" height=\"186\" src=\"https:\/\/www.bambinideldanubio.org\/blog\/wp-content\/uploads\/2025\/02\/KUDISTAN.jpg\" alt=\"\" class=\"wp-image-2754\" \/ style=\"max-width: 100%; height: auto;\"> <\/p>\n<p>In novembre del 2024 \u00e8 arrivato Homar, curdo iracheno, assieme a sua mamma. Il bambino \u00e8 affetto da <strong>anemia Fanconi <\/strong>e necessita un trapianto di<\/p>\n","protected":false},"author":1,"featured_media":0,"comment_status":"closed","ping_status":"open","sticky":false,"template":"","format":"standard","meta":{"footnotes":""},"categories":[5],"tags":[55,11],"class_list":["post-2752","post","type-post","status-publish","format-standard","hentry","category-cure-mediche","tag-55","tag-cure-mediche-2"],"_links":{"self":[{"href":"https:\/\/www.bambinideldanubio.org\/blog\/index.php?rest_route=\/wp\/v2\/posts\/2752"}],"collection":[{"href":"https:\/\/www.bambinideldanubio.org\/blog\/index.php?rest_route=\/wp\/v2\/posts"}],"about":[{"href":"https:\/\/www.bambinideldanubio.org\/blog\/index.php?rest_route=\/wp\/v2\/types\/post"}],"author":[{"embeddable":true,"href":"https:\/\/www.bambinideldanubio.org\/blog\/index.php?rest_route=\/wp\/v2\/users\/1"}],"replies":[{"embeddable":true,"href":"https:\/\/www.bambinideldanubio.org\/blog\/index.php?rest_route=%2Fwp%2Fv2%2Fcomments&post=2752"}],"version-history":[{"count":2,"href":"https:\/\/www.bambinideldanubio.org\/blog\/index.php?rest_route=\/wp\/v2\/posts\/2752\/revisions"}],"predecessor-version":[{"id":2756,"href":"https:\/\/www.bambinideldanubio.org\/blog\/index.php?rest_route=\/wp\/v2\/posts\/2752\/revisions\/2756"}],"wp:attachment":[{"href":"https:\/\/www.bambinideldanubio.org\/blog\/index.php?rest_route=%2Fwp%2Fv2%2Fmedia&parent=2752"}],"wp:term":[{"taxonomy":"category","embeddable":true,"href":"https:\/\/www.bambinideldanubio.org\/blog\/index.php?rest_route=%2Fwp%2Fv2%2Fcategories&post=2752"},{"taxonomy":"post_tag","embeddable":true,"href":"https:\/\/www.bambinideldanubio.org\/blog\/index.php?rest_route=%2Fwp%2Fv2%2Ftags&post=2752"}],"curies":[{"name":"wp","href":"https:\/\/api.w.org\/{rel}","templated":true}]}}