{"id":2785,"date":"2025-02-14T09:27:26","date_gmt":"2025-02-14T09:27:26","guid":{"rendered":"https:\/\/www.bambinideldanubio.org\/blog\/?p=2785"},"modified":"2025-02-14T09:27:27","modified_gmt":"2025-02-14T09:27:27","slug":"crina-nata-2016","status":"publish","type":"post","link":"https:\/\/www.bambinideldanubio.org\/blog\/?p=2785","title":{"rendered":"Crina, nata 2016"},"content":{"rendered":"\n<figure class=\"wp-block-image size-full\"><img loading=\"lazy\" decoding=\"async\" width=\"315\" height=\"205\" src=\"https:\/\/www.bambinideldanubio.org\/blog\/wp-content\/uploads\/2025\/02\/romania-1.jpg\" alt=\"\" class=\"wp-image-2786\"\/><\/figure>\n\n\n\n<p>Crina \u00e8 una bambina rumena che per\u00f2 \u00e8 residente in Moldavia. Ha otto anni e soffre di una<strong> neoplasia cerebrale. <\/strong>Anche lei viene trattata a Udine. Attualmente ha potuto tornare a casa per stare in Moldavia con i suoi familiari e stiamo aspettando la comunicazione della data di quando dovr\u00e0 ritornare a Udine per continuare i trattamenti.<\/p>\n","protected":false},"excerpt":{"rendered":"<p><img loading=\"lazy\" decoding=\"async\" width=\"315\" height=\"205\" src=\"https:\/\/www.bambinideldanubio.org\/blog\/wp-content\/uploads\/2025\/02\/romania-1.jpg\" alt=\"\" class=\"wp-image-2786\"\/ style=\"max-width: 100%; height: auto;\"> <\/p>\n<p>Crina \u00e8 una bambina rumena che per\u00f2 \u00e8 residente in Moldavia. Ha otto anni e soffre di una<strong> neoplasia cerebrale. <\/strong>Anche lei viene trattata a Udine. Attualmente ha potuto tornare a casa per stare in Moldavia con i<\/p>\n","protected":false},"author":1,"featured_media":0,"comment_status":"closed","ping_status":"open","sticky":false,"template":"","format":"standard","meta":{"footnotes":""},"categories":[5],"tags":[55,11],"class_list":["post-2785","post","type-post","status-publish","format-standard","hentry","category-cure-mediche","tag-55","tag-cure-mediche-2"],"_links":{"self":[{"href":"https:\/\/www.bambinideldanubio.org\/blog\/index.php?rest_route=\/wp\/v2\/posts\/2785"}],"collection":[{"href":"https:\/\/www.bambinideldanubio.org\/blog\/index.php?rest_route=\/wp\/v2\/posts"}],"about":[{"href":"https:\/\/www.bambinideldanubio.org\/blog\/index.php?rest_route=\/wp\/v2\/types\/post"}],"author":[{"embeddable":true,"href":"https:\/\/www.bambinideldanubio.org\/blog\/index.php?rest_route=\/wp\/v2\/users\/1"}],"replies":[{"embeddable":true,"href":"https:\/\/www.bambinideldanubio.org\/blog\/index.php?rest_route=%2Fwp%2Fv2%2Fcomments&post=2785"}],"version-history":[{"count":1,"href":"https:\/\/www.bambinideldanubio.org\/blog\/index.php?rest_route=\/wp\/v2\/posts\/2785\/revisions"}],"predecessor-version":[{"id":2787,"href":"https:\/\/www.bambinideldanubio.org\/blog\/index.php?rest_route=\/wp\/v2\/posts\/2785\/revisions\/2787"}],"wp:attachment":[{"href":"https:\/\/www.bambinideldanubio.org\/blog\/index.php?rest_route=%2Fwp%2Fv2%2Fmedia&parent=2785"}],"wp:term":[{"taxonomy":"category","embeddable":true,"href":"https:\/\/www.bambinideldanubio.org\/blog\/index.php?rest_route=%2Fwp%2Fv2%2Fcategories&post=2785"},{"taxonomy":"post_tag","embeddable":true,"href":"https:\/\/www.bambinideldanubio.org\/blog\/index.php?rest_route=%2Fwp%2Fv2%2Ftags&post=2785"}],"curies":[{"name":"wp","href":"https:\/\/api.w.org\/{rel}","templated":true}]}}