{"id":2788,"date":"2025-02-14T09:29:09","date_gmt":"2025-02-14T09:29:09","guid":{"rendered":"https:\/\/www.bambinideldanubio.org\/blog\/?p=2788"},"modified":"2025-02-14T09:29:10","modified_gmt":"2025-02-14T09:29:10","slug":"daria-nata-2010-follow-up","status":"publish","type":"post","link":"https:\/\/www.bambinideldanubio.org\/blog\/?p=2788","title":{"rendered":"Daria, nata 2010 &#8211; follow up"},"content":{"rendered":"\n<figure class=\"wp-block-image size-full\"><img loading=\"lazy\" decoding=\"async\" width=\"269\" height=\"175\" src=\"https:\/\/www.bambinideldanubio.org\/blog\/wp-content\/uploads\/2025\/02\/MOLDAVIA.jpg\" alt=\"\" class=\"wp-image-2789\"\/><\/figure>\n\n\n\n<p>Daria \u00e8 una ragazzina moldava che oggi ha 14 anni, \u00e8 una nostra paziente storica. Ha sconfitto il <strong>tumore che aveva al cervello,<\/strong> tumore che le \u00e8 stato tolto chirurgicamente qualche anno fa a Udine. Daria \u00e8 poi ritornata nei mesi di novembre e dicembre 2024 per le visite di follow-up post intervento neurochirurgico.\u00a0 Le visite di follow-up per la parte oncologica erano a posto, per\u00f2 nel frattempo a seguito di attacchi epilettici Daria \u00e8 stata sottoposta ad ulteriori esami e purtroppo questi hanno evidenziato che la ragazza soffre anche del morbo di Crohn. Per Natale, abbiamo mandato Daria e sua madre a casa in Moldavia per poter festeggiare il Capodanno e l\u2019anno nuovo, assieme al padre, per\u00f2 Daria rientrer\u00e0 nella seconda met\u00e0 di gennaio per le terapie a causa della nuova malattia.<\/p>\n","protected":false},"excerpt":{"rendered":"<p><img loading=\"lazy\" decoding=\"async\" width=\"269\" height=\"175\" src=\"https:\/\/www.bambinideldanubio.org\/blog\/wp-content\/uploads\/2025\/02\/MOLDAVIA.jpg\" alt=\"\" class=\"wp-image-2789\"\/ style=\"max-width: 100%; height: auto;\"> <\/p>\n<p>Daria \u00e8 una ragazzina moldava che oggi ha 14 anni, \u00e8 una nostra paziente storica. Ha sconfitto il <strong>tumore che aveva al cervello,<\/strong> tumore che le \u00e8 stato tolto chirurgicamente qualche anno fa a Udine. Daria \u00e8 poi<\/p>\n","protected":false},"author":1,"featured_media":0,"comment_status":"closed","ping_status":"open","sticky":false,"template":"","format":"standard","meta":{"footnotes":""},"categories":[5],"tags":[55,11],"class_list":["post-2788","post","type-post","status-publish","format-standard","hentry","category-cure-mediche","tag-55","tag-cure-mediche-2"],"_links":{"self":[{"href":"https:\/\/www.bambinideldanubio.org\/blog\/index.php?rest_route=\/wp\/v2\/posts\/2788"}],"collection":[{"href":"https:\/\/www.bambinideldanubio.org\/blog\/index.php?rest_route=\/wp\/v2\/posts"}],"about":[{"href":"https:\/\/www.bambinideldanubio.org\/blog\/index.php?rest_route=\/wp\/v2\/types\/post"}],"author":[{"embeddable":true,"href":"https:\/\/www.bambinideldanubio.org\/blog\/index.php?rest_route=\/wp\/v2\/users\/1"}],"replies":[{"embeddable":true,"href":"https:\/\/www.bambinideldanubio.org\/blog\/index.php?rest_route=%2Fwp%2Fv2%2Fcomments&post=2788"}],"version-history":[{"count":1,"href":"https:\/\/www.bambinideldanubio.org\/blog\/index.php?rest_route=\/wp\/v2\/posts\/2788\/revisions"}],"predecessor-version":[{"id":2790,"href":"https:\/\/www.bambinideldanubio.org\/blog\/index.php?rest_route=\/wp\/v2\/posts\/2788\/revisions\/2790"}],"wp:attachment":[{"href":"https:\/\/www.bambinideldanubio.org\/blog\/index.php?rest_route=%2Fwp%2Fv2%2Fmedia&parent=2788"}],"wp:term":[{"taxonomy":"category","embeddable":true,"href":"https:\/\/www.bambinideldanubio.org\/blog\/index.php?rest_route=%2Fwp%2Fv2%2Fcategories&post=2788"},{"taxonomy":"post_tag","embeddable":true,"href":"https:\/\/www.bambinideldanubio.org\/blog\/index.php?rest_route=%2Fwp%2Fv2%2Ftags&post=2788"}],"curies":[{"name":"wp","href":"https:\/\/api.w.org\/{rel}","templated":true}]}}