{"id":572,"date":"2012-01-01T15:11:49","date_gmt":"2012-01-01T15:11:49","guid":{"rendered":"http:\/\/www.bambinideldanubio.org\/blog\/?p=572"},"modified":"2020-02-26T10:33:53","modified_gmt":"2020-02-26T10:33:53","slug":"sostegno-favore-madre-sola-figlia-6-anni","status":"publish","type":"post","link":"https:\/\/www.bambinideldanubio.org\/blog\/?p=572","title":{"rendered":"Sostegno a favore di una madre sola e della figlia di 6 anni"},"content":{"rendered":"<p>Sosteniamo una famiglia composta da una giovane madre e dalla figlia di 6 anni. La famiglia vive in un appartamento in affitto e il padre, da cui la signora \u00e8 separata legalmente, non pu\u00f2 passare gli alimenti per la figlia.<br \/>\nLa madre, che gi\u00e0 in passato ha sofferto di gravi disturbi alimentari, anche attualmente soffre di problemi di salute che non le consentono di sostenere un orario di lavoro a tempo pieno.<br \/>\nIl nostro intervento \u00e8 diretto a garantire l&#8217;acquisto del materiale scolastico per la minore, di alcuni beni di prima necessit\u00e0 (quali cibo, prodotti per l&#8217;igiene e l&#8217;abbigliamento), nonch\u00e9 il pagamento di alcune bollette e, infine, l&#8217;acquisto di una lavatrice.<\/p>\n","protected":false},"excerpt":{"rendered":"<p>Sosteniamo una famiglia composta da una giovane madre e dalla figlia di 6 anni. La famiglia vive in un appartamento in affitto e il padre, da cui la signora \u00e8 separata legalmente, non pu\u00f2 passare gli alimenti per la figlia. La madre, che gi\u00e0 in passato ha sofferto di gravi<\/p>\n","protected":false},"author":1,"featured_media":0,"comment_status":"closed","ping_status":"open","sticky":false,"template":"","format":"standard","meta":{"footnotes":""},"categories":[18],"tags":[],"class_list":["post-572","post","type-post","status-publish","format-standard","hentry","category-attivita"],"_links":{"self":[{"href":"https:\/\/www.bambinideldanubio.org\/blog\/index.php?rest_route=\/wp\/v2\/posts\/572"}],"collection":[{"href":"https:\/\/www.bambinideldanubio.org\/blog\/index.php?rest_route=\/wp\/v2\/posts"}],"about":[{"href":"https:\/\/www.bambinideldanubio.org\/blog\/index.php?rest_route=\/wp\/v2\/types\/post"}],"author":[{"embeddable":true,"href":"https:\/\/www.bambinideldanubio.org\/blog\/index.php?rest_route=\/wp\/v2\/users\/1"}],"replies":[{"embeddable":true,"href":"https:\/\/www.bambinideldanubio.org\/blog\/index.php?rest_route=%2Fwp%2Fv2%2Fcomments&post=572"}],"version-history":[{"count":1,"href":"https:\/\/www.bambinideldanubio.org\/blog\/index.php?rest_route=\/wp\/v2\/posts\/572\/revisions"}],"predecessor-version":[{"id":573,"href":"https:\/\/www.bambinideldanubio.org\/blog\/index.php?rest_route=\/wp\/v2\/posts\/572\/revisions\/573"}],"wp:attachment":[{"href":"https:\/\/www.bambinideldanubio.org\/blog\/index.php?rest_route=%2Fwp%2Fv2%2Fmedia&parent=572"}],"wp:term":[{"taxonomy":"category","embeddable":true,"href":"https:\/\/www.bambinideldanubio.org\/blog\/index.php?rest_route=%2Fwp%2Fv2%2Fcategories&post=572"},{"taxonomy":"post_tag","embeddable":true,"href":"https:\/\/www.bambinideldanubio.org\/blog\/index.php?rest_route=%2Fwp%2Fv2%2Ftags&post=572"}],"curies":[{"name":"wp","href":"https:\/\/api.w.org\/{rel}","templated":true}]}}